{"id":2594,"date":"2025-12-05T19:00:00","date_gmt":"2025-12-05T18:00:00","guid":{"rendered":"https:\/\/feuerwehr-oderwitz.de\/?p=2594"},"modified":"2026-01-03T17:35:59","modified_gmt":"2026-01-03T16:35:59","slug":"dienst-der-einsatzabteilung-am-05-12-2025","status":"publish","type":"post","link":"https:\/\/feuerwehr-oderwitz.de\/?p=2594","title":{"rendered":"Dienst der Einsatzabteilung am 05.12.2025"},"content":{"rendered":"\n<p>Am Freitag dem 05.12.2025 trafen sich die Kameraden der Feuerwehr Oderwitz um 18:30 Uhr zum letzten Dienst des Jahres.<\/p>\n\n\n\n<p>Die Kameraden \u00fcbten erneut das gewaltfreie \u00d6ffnen von T\u00fcren und Fenstern welches beispielsweise bei T\u00fcrnot\u00f6ffnungen bevorzugt angewandt wird. <\/p>\n\n\n\n<figure class=\"wp-block-image size-large\"><img decoding=\"async\" width=\"1024\" height=\"740\" src=\"https:\/\/feuerwehr-oderwitz.de\/wp-content\/uploads\/2025\/12\/WhatsApp-Image-2026-01-03-at-17.10.05-1024x740.jpeg\" alt=\"\" class=\"wp-image-2624\" srcset=\"https:\/\/feuerwehr-oderwitz.de\/wp-content\/uploads\/2025\/12\/WhatsApp-Image-2026-01-03-at-17.10.05-1024x740.jpeg 1024w, https:\/\/feuerwehr-oderwitz.de\/wp-content\/uploads\/2025\/12\/WhatsApp-Image-2026-01-03-at-17.10.05-300x217.jpeg 300w, https:\/\/feuerwehr-oderwitz.de\/wp-content\/uploads\/2025\/12\/WhatsApp-Image-2026-01-03-at-17.10.05-768x555.jpeg 768w, https:\/\/feuerwehr-oderwitz.de\/wp-content\/uploads\/2025\/12\/WhatsApp-Image-2026-01-03-at-17.10.05.jpeg 1512w\" sizes=\"(max-width: 1024px) 100vw, 1024px\" \/><\/figure>\n\n\n\n<p>Auch das aufziehen von Schneeketten auf die Einsatzfahrzeuge wurde noch einmal wiederholt um im Falle von starken Vereisungen oder starkem Schneefall ger\u00fcstet zu sein.<\/p>\n\n\n\n<p>Nach dem Dienst lie\u00dfen die Kameraden den Abend im Feuerwehrdepot ausklingen.<\/p>\n\n\n\n<p><\/p>\n","protected":false},"excerpt":{"rendered":"<p>Am Freitag dem 05.12.2025 trafen sich die Kameraden der Feuerwehr Oderwitz um 18:30 Uhr zum letzten Dienst des Jahres. <a class=\"more-link\" href=\"https:\/\/feuerwehr-oderwitz.de\/?p=2594\">weiterlesen&#8230;<\/a><\/p>\n","protected":false},"author":3,"featured_media":2624,"comment_status":"open","ping_status":"open","sticky":false,"template":"","format":"standard","meta":{"footnotes":""},"categories":[4],"tags":[],"class_list":["post-2594","post","type-post","status-publish","format-standard","has-post-thumbnail","hentry","category-ausbildung"],"_links":{"self":[{"href":"https:\/\/feuerwehr-oderwitz.de\/index.php?rest_route=\/wp\/v2\/posts\/2594","targetHints":{"allow":["GET"]}}],"collection":[{"href":"https:\/\/feuerwehr-oderwitz.de\/index.php?rest_route=\/wp\/v2\/posts"}],"about":[{"href":"https:\/\/feuerwehr-oderwitz.de\/index.php?rest_route=\/wp\/v2\/types\/post"}],"author":[{"embeddable":true,"href":"https:\/\/feuerwehr-oderwitz.de\/index.php?rest_route=\/wp\/v2\/users\/3"}],"replies":[{"embeddable":true,"href":"https:\/\/feuerwehr-oderwitz.de\/index.php?rest_route=%2Fwp%2Fv2%2Fcomments&post=2594"}],"version-history":[{"count":3,"href":"https:\/\/feuerwehr-oderwitz.de\/index.php?rest_route=\/wp\/v2\/posts\/2594\/revisions"}],"predecessor-version":[{"id":2625,"href":"https:\/\/feuerwehr-oderwitz.de\/index.php?rest_route=\/wp\/v2\/posts\/2594\/revisions\/2625"}],"wp:featuredmedia":[{"embeddable":true,"href":"https:\/\/feuerwehr-oderwitz.de\/index.php?rest_route=\/wp\/v2\/media\/2624"}],"wp:attachment":[{"href":"https:\/\/feuerwehr-oderwitz.de\/index.php?rest_route=%2Fwp%2Fv2%2Fmedia&parent=2594"}],"wp:term":[{"taxonomy":"category","embeddable":true,"href":"https:\/\/feuerwehr-oderwitz.de\/index.php?rest_route=%2Fwp%2Fv2%2Fcategories&post=2594"},{"taxonomy":"post_tag","embeddable":true,"href":"https:\/\/feuerwehr-oderwitz.de\/index.php?rest_route=%2Fwp%2Fv2%2Ftags&post=2594"}],"curies":[{"name":"wp","href":"https:\/\/api.w.org\/{rel}","templated":true}]}}